{"id":633,"date":"2026-01-15T11:10:56","date_gmt":"2026-01-15T19:10:56","guid":{"rendered":"https:\/\/sesupo.com\/?p=633"},"modified":"2026-01-15T11:10:59","modified_gmt":"2026-01-15T19:10:59","slug":"el-espejismo-de-la-mano-dura-los-riesgos-del-modelo-bukele-en-costa-rica","status":"publish","type":"post","link":"https:\/\/sesupo.com\/?p=633","title":{"rendered":"El Espejismo de la &#8220;Mano Dura&#8221;: Los Riesgos del Modelo Bukele en Costa Rica"},"content":{"rendered":"\n<p>Costa Rica se encuentra hoy en una encrucijada hist\u00f3rica. La visita del presidente salvadore\u00f1o Nayib Bukele para colocar, junto al presidente Rodrigo Chaves, la primera piedra del Centro de Alta Contenci\u00f3n de Crimen Organizado (CACCO) no es simplemente un acto de infraestructura penal; es el reflejo de una transformaci\u00f3n mucho m\u00e1s profunda en el rumbo pol\u00edtico del pa\u00eds. El llamado \u201cmodelo Bukele\u201d, con su mezcla de eficacia autoritaria, concentraci\u00f3n de poder y desprecio por las garant\u00edas individuales, comienza a seducir a sectores de la opini\u00f3n p\u00fablica costarricense, hastiados de la violencia y la impunidad.<\/p>\n\n\n\n<p>Sin embargo, detr\u00e1s del brillo medi\u00e1tico de la \u201cmano dura\u201d se esconden tres amenazas fundamentales para la democracia m\u00e1s estable de Am\u00e9rica Latina: el desmantelamiento institucional, la erosi\u00f3n de los derechos humanos y la trampa de la seguridad de corto plazo.<\/p>\n\n\n\n<h2 class=\"wp-block-heading\">El espejismo del orden inmediato<\/h2>\n\n\n\n<p>El \u201c\u00e9xito\u201d de Bukele no se explica por una supuesta genialidad t\u00e1ctica, sino por la subordinaci\u00f3n del poder judicial, la captura del parlamento y la instauraci\u00f3n de un r\u00e9gimen de excepci\u00f3n de facto. En Costa Rica, donde la separaci\u00f3n de poderes es la piedra angular de la paz social, el riesgo es que se normalice el discurso de que los jueces, la Fiscal\u00eda o la Sala Constitucional son \u201cobst\u00e1culos\u201d para combatir el crimen. Esa ret\u00f3rica abre una puerta peligrosa: una vez debilitados los contrapesos, el autoritarismo se instala de forma casi irreversible.<\/p>\n\n\n\n<p>La megac\u00e1rcel anunciada en San Jos\u00e9 \u2014una r\u00e9plica conceptual del CECOT salvadore\u00f1o\u2014 puede terminar funcionando como un \u201cestado de excepci\u00f3n simb\u00f3lico\u201d. Aun sin suspender formalmente los derechos constitucionales, promueve una cultura pol\u00edtica que ve en la represi\u00f3n la \u00fanica v\u00eda leg\u00edtima para restaurar el orden. Bajo esta l\u00f3gica, reclamar garant\u00edas legales se convierte en sospechoso, y defender derechos humanos equivale a \u201cproteger delincuentes\u201d.<\/p>\n\n\n\n<h2 class=\"wp-block-heading\">Los costos invisibles del \u201cmodelo Bukele\u201d<\/h2>\n\n\n<div class=\"wp-block-image\">\n<figure class=\"alignleft size-full is-resized\"><img loading=\"lazy\" decoding=\"async\" width=\"1024\" height=\"1024\" src=\"https:\/\/sesupo.com\/wp-content\/uploads\/2026\/01\/image-3.png\" alt=\"\" class=\"wp-image-635\" style=\"width:346px;height:auto\" srcset=\"https:\/\/sesupo.com\/wp-content\/uploads\/2026\/01\/image-3.png 1024w, https:\/\/sesupo.com\/wp-content\/uploads\/2026\/01\/image-3-300x300.png 300w, https:\/\/sesupo.com\/wp-content\/uploads\/2026\/01\/image-3-150x150.png 150w, https:\/\/sesupo.com\/wp-content\/uploads\/2026\/01\/image-3-768x768.png 768w\" sizes=\"auto, (max-width: 1024px) 100vw, 1024px\" \/><\/figure>\n<\/div>\n\n\n<p>Organizaciones internacionales como Human Rights Watch y Amnist\u00eda Internacional han documentado los excesos del r\u00e9gimen salvadore\u00f1o: detenciones arbitrarias, tortura, desapariciones y muertes bajo custodia. Miles de personas inocentes, especialmente j\u00f3venes de barrios marginados, han sido encarceladas sin pruebas ni debido proceso. Ese es el precio que se oculta tras las cifras de reducci\u00f3n de homicidios que el gobierno salvadore\u00f1o presenta como milagro exportable.<\/p>\n\n\n\n<p>Costa Rica, aunque orgullosa de su civilismo y tradici\u00f3n institucional, no es inmune a esa deriva. Cuando el miedo dicta la pol\u00edtica, las primeras v\u00edctimas siempre son los m\u00e1s vulnerables: pobres, migrantes, habitantes de zonas estigmatizadas. Adoptar la narrativa de que \u201clos derechos humanos son un lujo\u201d implica despojarse voluntariamente de las mismas garant\u00edas que, en tiempos de crisis, protegen la dignidad ciudadana frente al abuso de poder.<\/p>\n\n\n\n<h2 class=\"wp-block-heading\">Democracia ante la tentaci\u00f3n populista<\/h2>\n\n\n\n<p>La fascinaci\u00f3n con Bukele en plena efervescencia electoral costarricense es una advertencia seria. Detr\u00e1s del carisma y la eficacia publicitaria se esconde un modelo que vive del debilitamiento de la democracia. Exportarlo significar\u00eda legitimar la idea de que la prensa cr\u00edtica, las cortes independientes o la sociedad civil son obst\u00e1culos a la \u201cvoluntad popular\u201d. Esa l\u00f3gica, tan vieja como peligrosa, ha derrocado rep\u00fablicas enteras bajo la promesa de orden y seguridad.<\/p>\n\n\n\n<p>Costa Rica puede y debe combatir el crimen con decisi\u00f3n, modernizando su polic\u00eda, reforzando la inteligencia y mejorando la justicia. Pero hacerlo al costo de flexibilizar garant\u00edas o centralizar el poder ser\u00eda renunciar precisamente a aquello que la distingue en la regi\u00f3n: un Estado de Derecho s\u00f3lido, institucional y previsible.<\/p>\n\n\n\n<h2 class=\"wp-block-heading\">\u00bfSeguridad a qu\u00e9 precio?<\/h2>\n\n\n\n<p>El desaf\u00edo no es entre vivir con miedo o vivir sin libertad. La verdadera fortaleza costarricense reside en su capacidad para reformarse sin traicionar sus principios. Si el pa\u00eds cede ante la tentaci\u00f3n del \u201catajo autoritario\u201d, construir\u00e1 c\u00e1rceles para el crimen, pero tambi\u00e9n una celda simb\u00f3lica para su propia democracia.<\/p>\n\n\n\n<p>Los pa\u00edses no se vuelven autoritarios de un d\u00eda para otro: se degradan poco a poco, entre aplausos y promesas de eficacia. Por eso, m\u00e1s que imitar el espejo salvadore\u00f1o, Costa Rica deber\u00eda mirarlo con lucidez: no como modelo de \u00e9xito, sino como advertencia de lo que ocurre cuando el miedo se convierte en pol\u00edtica de Estado.<\/p>\n","protected":false},"excerpt":{"rendered":"<p>Costa Rica se encuentra hoy en una encrucijada hist\u00f3rica. La visita del presidente salvadore\u00f1o Nayib Bukele para colocar, junto al presidente Rodrigo Chaves, la primera piedra del Centro de Alta Contenci\u00f3n de Crimen Organizado (CACCO) no es simplemente un acto de infraestructura penal; es el reflejo de una transformaci\u00f3n mucho m\u00e1s profunda en el rumbo&#8230;<\/p>\n","protected":false},"author":6,"featured_media":634,"comment_status":"closed","ping_status":"closed","sticky":false,"template":"","format":"standard","meta":{"_monsterinsights_skip_tracking":false,"_monsterinsights_sitenote_active":false,"_monsterinsights_sitenote_note":"","_monsterinsights_sitenote_category":0,"_jetpack_memberships_contains_paid_content":false,"footnotes":""},"categories":[50,3],"tags":[],"class_list":["post-633","post","type-post","status-publish","format-standard","has-post-thumbnail","hentry","category-editoriales","category-noticias"],"jetpack_featured_media_url":"https:\/\/sesupo.com\/wp-content\/uploads\/2026\/01\/image-2.png","jetpack_sharing_enabled":true,"_links":{"self":[{"href":"https:\/\/sesupo.com\/index.php?rest_route=\/wp\/v2\/posts\/633","targetHints":{"allow":["GET"]}}],"collection":[{"href":"https:\/\/sesupo.com\/index.php?rest_route=\/wp\/v2\/posts"}],"about":[{"href":"https:\/\/sesupo.com\/index.php?rest_route=\/wp\/v2\/types\/post"}],"author":[{"embeddable":true,"href":"https:\/\/sesupo.com\/index.php?rest_route=\/wp\/v2\/users\/6"}],"replies":[{"embeddable":true,"href":"https:\/\/sesupo.com\/index.php?rest_route=%2Fwp%2Fv2%2Fcomments&post=633"}],"version-history":[{"count":1,"href":"https:\/\/sesupo.com\/index.php?rest_route=\/wp\/v2\/posts\/633\/revisions"}],"predecessor-version":[{"id":636,"href":"https:\/\/sesupo.com\/index.php?rest_route=\/wp\/v2\/posts\/633\/revisions\/636"}],"wp:featuredmedia":[{"embeddable":true,"href":"https:\/\/sesupo.com\/index.php?rest_route=\/wp\/v2\/media\/634"}],"wp:attachment":[{"href":"https:\/\/sesupo.com\/index.php?rest_route=%2Fwp%2Fv2%2Fmedia&parent=633"}],"wp:term":[{"taxonomy":"category","embeddable":true,"href":"https:\/\/sesupo.com\/index.php?rest_route=%2Fwp%2Fv2%2Fcategories&post=633"},{"taxonomy":"post_tag","embeddable":true,"href":"https:\/\/sesupo.com\/index.php?rest_route=%2Fwp%2Fv2%2Ftags&post=633"}],"curies":[{"name":"wp","href":"https:\/\/api.w.org\/{rel}","templated":true}]}}